{"id":1427,"date":"2011-04-07T17:06:10","date_gmt":"2011-04-07T16:06:10","guid":{"rendered":"https:\/\/www.lollishome.de\/blog\/?p=1427"},"modified":"2011-04-07T17:06:10","modified_gmt":"2011-04-07T16:06:10","slug":"kirchentag-in-dresden-nicht-bei-uns","status":"publish","type":"post","link":"https:\/\/www.lollishome.de\/blog\/2011\/04\/07\/kirchentag-in-dresden-nicht-bei-uns\/","title":{"rendered":"Kirchentag in Dresden &#8211; nicht bei uns"},"content":{"rendered":"<div style=\"width: 255px\" class=\"wp-caption alignright\"><a href=\"http:\/\/www.helpedia.de\/spenden-aktionen\/deinhirn2011\"><img loading=\"lazy\" decoding=\"async\" title=\"Da wird auch dein Hirn sein\" src=\"http:\/\/www.helpedia.de\/images\/uploads\/spenden-aktion\/resized\/deinhirn2011-245.jpg\" alt=\"Da wird auch dein Hirn sein\" width=\"245\" height=\"224\" \/><\/a><p class=\"wp-caption-text\">Da wird auch dein Hirn sein!<\/p><\/div>\n<p>Vom 1.-5. Juni findet in Dresden der evangelische Kirchentag statt. \u00a0Schon seit 2 Jahren erhalten wir Anfragen f\u00fcr die \u00dcbernachtung kirchlicher Gruppen. \u00a0Allen haben wir bisher abgesagt und die Betten zu diesem Zeitraum fast komplett frei gehalten, weil wir es wichtig finden, da\u00df auch die &#8222;normalen&#8220; G\u00e4ste, also solche, die nicht an diesen Veranstaltungen teilnehmen wollen, die Chance auf eine \u00dcbernachtung bekommen. \u00a0Wer also zum Kirchentag so verr\u00fcckt sein sollte Dresden zu besuchen, der ist herzlich in unserem Hostel bekommen. \u00a0Bei uns gibts noch Fr\u00fchst\u00fccksbr\u00f6tchen ohne Gebet und wir spielen lieber Bad Religion als Kirchenlieder.<\/p>\n<p>Ausdr\u00fccklich unterst\u00fctzen und einladen m\u00f6chten wir zu den Veranstaltungen in diesem Zeitraum in der Schauburg. \u00a0Hier noch einmal der Text der Veranstalter:<\/p>\n<p><strong>ReligionsFreie Zone in Dresden 2011 <\/strong><\/p>\n<p>In diesem Jahr findet der evangelische Kirchentag in Dresden statt. Im Freistaat Sachsen, wo knapp drei Viertel aller Menschen konfessionsfrei sind; in Dresden, wo 80 % aller Einwohnerinnen und Einwohner konfessionsfrei sind!<\/p>\n<p>Die hiesige Regionalgruppe der giordano bruno stiftung names GeFAHR e.V. stellt dieser Vereinnahmung vom 1. bis 4. Juni ein Alternativprogramm entgegen.<\/p>\n<p><strong>Konfessionsfreie &#8222;Insel&#8220;<\/strong><\/p>\n<p>Es wird eine Mischung aus Unterhaltung, Informationen und Diskussionen u.a. mit Kirchenfinanzexperte Dr. Carsten Frerk, Philosoph und gbs-Vorstandssprecher Michael Schmidt-Salomon, Comicautor Ralf K\u00f6nig, Politikern, der Kirche des Fliegenden Spaghettimonsters FSM geben und, und, und.<\/p>\n<p>Das komplette Programm wird ab Mai auf\u00a0<a title=\"GefAHR e.V.\" rel=\"nofollow\" href=\"http:\/\/www.gbsdd.de\/\" target=\"_blank\">www.gbsdd.de<\/a> ver\u00f6ffentlicht.<\/p>\n<p>Twitter-Neuigkeiten gibt es unter\u00a0<a title=\"GefAHR e.V. bei Twitter\" rel=\"nofollow\" href=\"http:\/\/www.twitter.com\/deinhirn2011\" target=\"_blank\">www.twitter.com\/deinhirn2011<\/a><\/p>\n<p>Unsere Infos bei facebook:<br \/>\n<a rel=\"nofollow\" href=\"http:\/\/www.facebook.com\/GeFAHR.eV\" target=\"_blank\">www.facebook.com\/GeFAHR.eV<\/a><\/p>\n<p>Im Gegensatz zu den Christen k\u00f6nnen Konfessionsfreie leider nicht auf millionenschwere Zuwendungen\u00a0(7,9 Mio f\u00fcr den Kirchentag!)\u00a0aus \u00f6ffentlichen Mitteln zur\u00fcckgreifen. Daher sind wir auf private Spenden angewiesen, um den Konfessionsfreien eine Stimme zu geben.<\/p>\n<p><strong>Bitte helfen Sie dabei mit!<\/strong><\/p>\n<p>Alle Spenden sind nat\u00fcrlich steuerlich absetzbar, da sie an einen gemeinn\u00fctzigen Verein gehen. F\u00fcr die steuerliche Absetzung gen\u00fcgt dem Finanzamt bis 200 \u20ac ein Kontoauszug, f\u00fcr h\u00f6here Betr\u00e4ge gibts zum T-Shirt die Spendenbescheinigung dazu:<\/p>\n<p><strong>Denn wer mehr als 100 \u20ac spendet, bekommt ein offizielles Hirn-T-Shirt geschenkt!<\/strong> Bitte im Kommentar die gew\u00fcnschte Gr\u00f6\u00dfe angeben!<\/p>\n<p>&#8212;&#8212;&#8212;&#8212;&#8212;&#8212;-<\/p>\n<p>Gesellschaft zur F\u00f6rderung von Aufkl\u00e4rung,<br \/>\nHumanismus und Religions-FREIheit (GeFAHR) e.V.<br \/>\nKto. 30 800 11 007<br \/>\nBLZ 850 900 00<br \/>\nDresdner Volksbank Raiffeisenbank eG<br \/>\nVerwendungszweck &#8222;Spende&#8220;<\/p>\n<p>Internationale Bankverbindung:<br \/>\nBIC: GENODEF1DRS<br \/>\nIBAN: DE25850900003080011007<\/p>\n<p>eingetragen im Vereinsregister beim Amtsgericht Dresden unter VR 5202<br \/>\nSteuernr. 201\/140\/22390 K7<br \/>\n<a title=\"GefAHR e.V.\" rel=\"nofollow\" href=\"http:\/\/www.gbsdd.de\/\" target=\"_blank\">www.gbsdd.de<\/a><\/p>\n<p><iframe loading=\"lazy\" title=\"YouTube video player\" width=\"560\" height=\"349\" src=\"http:\/\/www.youtube.com\/embed\/1Rwioe1SGkQ\" frameborder=\"0\" allowfullscreen><\/iframe><\/p>\n","protected":false},"excerpt":{"rendered":"<p>Vom 1.-5. Juni findet in Dresden der evangelische Kirchentag statt. \u00a0Schon seit 2 Jahren erhalten wir Anfragen f\u00fcr die \u00dcbernachtung kirchlicher Gruppen. \u00a0Allen haben wir bisher abgesagt und die Betten zu diesem Zeitraum fast komplett frei gehalten, weil wir es wichtig finden, da\u00df auch die &#8222;normalen&#8220; G\u00e4ste, also solche, die nicht an diesen Veranstaltungen teilnehmen [&hellip;]<\/p>\n","protected":false},"author":2,"featured_media":0,"comment_status":"open","ping_status":"open","sticky":false,"template":"","format":"standard","meta":{"footnotes":""},"categories":[4,71,3],"tags":[],"class_list":["post-1427","post","type-post","status-publish","format-standard","hentry","category-hostel-neuigkeiten","category-neuigkeiten","category-veranstaltungen"],"_links":{"self":[{"href":"https:\/\/www.lollishome.de\/blog\/wp-json\/wp\/v2\/posts\/1427","targetHints":{"allow":["GET"]}}],"collection":[{"href":"https:\/\/www.lollishome.de\/blog\/wp-json\/wp\/v2\/posts"}],"about":[{"href":"https:\/\/www.lollishome.de\/blog\/wp-json\/wp\/v2\/types\/post"}],"author":[{"embeddable":true,"href":"https:\/\/www.lollishome.de\/blog\/wp-json\/wp\/v2\/users\/2"}],"replies":[{"embeddable":true,"href":"https:\/\/www.lollishome.de\/blog\/wp-json\/wp\/v2\/comments?post=1427"}],"version-history":[{"count":5,"href":"https:\/\/www.lollishome.de\/blog\/wp-json\/wp\/v2\/posts\/1427\/revisions"}],"predecessor-version":[{"id":1432,"href":"https:\/\/www.lollishome.de\/blog\/wp-json\/wp\/v2\/posts\/1427\/revisions\/1432"}],"wp:attachment":[{"href":"https:\/\/www.lollishome.de\/blog\/wp-json\/wp\/v2\/media?parent=1427"}],"wp:term":[{"taxonomy":"category","embeddable":true,"href":"https:\/\/www.lollishome.de\/blog\/wp-json\/wp\/v2\/categories?post=1427"},{"taxonomy":"post_tag","embeddable":true,"href":"https:\/\/www.lollishome.de\/blog\/wp-json\/wp\/v2\/tags?post=1427"}],"curies":[{"name":"wp","href":"https:\/\/api.w.org\/{rel}","templated":true}]}}