{"id":2706,"date":"2016-05-20T11:33:12","date_gmt":"2016-05-20T10:33:12","guid":{"rendered":"https:\/\/www.lollishome.de\/blog\/?p=2706"},"modified":"2016-05-31T10:06:35","modified_gmt":"2016-05-31T09:06:35","slug":"offenes-palais-2016","status":"publish","type":"post","link":"https:\/\/www.lollishome.de\/blog\/2016\/05\/20\/offenes-palais-2016\/","title":{"rendered":"Offenes Palais 2016"},"content":{"rendered":"<p><img loading=\"lazy\" decoding=\"async\" class=\"alignnone wp-image-2707\" src=\"https:\/\/www.lollishome.de\/blog\/wp-content\/uploads\/IMG_7511-800x451.jpg\" alt=\"IMG_7511\" width=\"550\" height=\"310\" srcset=\"https:\/\/www.lollishome.de\/blog\/wp-content\/uploads\/IMG_7511-800x451.jpg 800w, https:\/\/www.lollishome.de\/blog\/wp-content\/uploads\/IMG_7511-768x433.jpg 768w\" sizes=\"auto, (max-width: 550px) 100vw, 550px\" \/><\/p>\n<p>Aufgrund des wirklich sehr sch\u00f6nen Ambiente des Palais im Gro\u00dfen Gartens, m\u00f6chten wir Euch unbedingt auf die Veranstaltungsreihe &#8222;Offenes Palais&#8220; allen Klassik-Fans hinweisen.<\/p>\n<p>Die N\u00e4chsten Veranstaltungen finden im Juni, August, September, Oktober, November und Dezember statt.<\/p>\n<p>Los gehts am 14.06.2016 um 14.30 und 19.30 Uhr\u00a0mit\u00a0MenschenSprachenMusik<br \/>\nIn den letzten Jahren hat sich AUDITIVVOKAL DRESDEN zu einem der f\u00fchrenden Ensembles auf dem Gebiet der zeitgen\u00f6ssischen Vokalmusik entwickelt und kreiert mit der \u201eNeuen Dresdner Vokalschule\u201c eine eigenst\u00e4ndige, zeitgen\u00fcssliche Auff\u00fchrungspraxis. Die als Gesamterlebnis konzipierte Veranstaltung \u201eMenschenSprachenMusik\u201c schafft einen facettenreichen \u00dcberblick \u00fcber Evolution, Entwicklung und Wandel vielsprachlich-musikalisch-kommunikativer Prozesse.\u00a0Der dramaturgische Bogen spannt sich vom akustischen Experimentieren mit der Nachahmung von tierischen Lauten und Ger\u00e4uschen, \u00fcber die Darstellung von Elementen der K\u00f6rper- und Geb\u00e4rdensprache hin zur Besch\u00e4ftigung mit Klang- und Sinnbildern innerer und religi\u00f6ser Welten.<br \/>\n<a href=\"http:\/\/www.offenes-palais.de\/www.auditivvokal.de\">www.auditivvokal.de<\/a><\/p>\n<p>Am\u00a09. August 2016 um 14.30 und 19.30 Uhr k\u00f6nnt Ihr in &#8222;Pans Wiederkehr&#8220; verschiedenen mittelalterlichen Liebesliedern \u00fcber die Kraft der Natur lauschen.<br \/>\nAu\u00dferdem gibt es dazu eine Ausstellung unter dem Titel &#8222;Von Wilden M\u00e4nnern, Faunen und Nymphen&#8220; zu bestaunen.<\/p>\n<p>Alle weiteren Infos zu den Veranstaltungen findet Ihr <a href=\"http:\/\/www.offenes-palais.de\/prog.htm\">hier<\/a>, darunter ein &#8222;Ein musikalischer Wettstreit zum 400. Geburtstag von Johann Jakob Froberger (1616 &#8211; 1667) und Matthias Weckmann (1616 &#8211; 1674)&#8220;, &#8222;Das Berliner Gambenbuch &#8211; erlesene Erbauungs- und Andachtsmusik des 17. Jahrhunderts&#8220;, &#8222;November-Blues&#8220; und &#8222;Wirbeleynachten &#8211; zwischen Ochs und Esel, Krippen und Altstadt&#8220;<br \/>\n.<\/p>\n<p>&nbsp;<\/p>\n","protected":false},"excerpt":{"rendered":"<p>Aufgrund des wirklich sehr sch\u00f6nen Ambiente des Palais im Gro\u00dfen Gartens, m\u00f6chten wir Euch unbedingt auf die Veranstaltungsreihe &#8222;Offenes Palais&#8220; allen Klassik-Fans hinweisen. Die N\u00e4chsten Veranstaltungen finden im Juni, August, September, Oktober, November und Dezember statt. Los gehts am 14.06.2016 um 14.30 und 19.30 Uhr\u00a0mit\u00a0MenschenSprachenMusik In den letzten Jahren hat sich AUDITIVVOKAL DRESDEN zu einem [&hellip;]<\/p>\n","protected":false},"author":6,"featured_media":0,"comment_status":"open","ping_status":"open","sticky":false,"template":"","format":"standard","meta":{"footnotes":""},"categories":[51,71],"tags":[1576,1577,1570,1575,1574,1578,1572,1569,143,1571,1573],"class_list":["post-2706","post","type-post","status-publish","format-standard","hentry","category-kunst-und-museen-in-dresden","category-neuigkeiten","tag-das-berliner-gambenbuch-erlesene-erbauungs-und-andachtsmusik-des-17-jahrhunderts","tag-november-blues-und-wirbeleynachten-zwischen-ochs-und-esel","tag-auditivvokal-dresden","tag-ein-musikalischer-wettstreit-zum-400-geburtstag-von-johann-jakob-froberger-1616-1667-und-matthias-weckmann-1616-1674","tag-faunen-und-nymphen","tag-krippen-und-altstadt","tag-menschensprachenmusik","tag-offenes-palais","tag-palais-im-grosen-garten","tag-pans-wiederkehr","tag-von-wilden-mannern"],"_links":{"self":[{"href":"https:\/\/www.lollishome.de\/blog\/wp-json\/wp\/v2\/posts\/2706","targetHints":{"allow":["GET"]}}],"collection":[{"href":"https:\/\/www.lollishome.de\/blog\/wp-json\/wp\/v2\/posts"}],"about":[{"href":"https:\/\/www.lollishome.de\/blog\/wp-json\/wp\/v2\/types\/post"}],"author":[{"embeddable":true,"href":"https:\/\/www.lollishome.de\/blog\/wp-json\/wp\/v2\/users\/6"}],"replies":[{"embeddable":true,"href":"https:\/\/www.lollishome.de\/blog\/wp-json\/wp\/v2\/comments?post=2706"}],"version-history":[{"count":1,"href":"https:\/\/www.lollishome.de\/blog\/wp-json\/wp\/v2\/posts\/2706\/revisions"}],"predecessor-version":[{"id":2708,"href":"https:\/\/www.lollishome.de\/blog\/wp-json\/wp\/v2\/posts\/2706\/revisions\/2708"}],"wp:attachment":[{"href":"https:\/\/www.lollishome.de\/blog\/wp-json\/wp\/v2\/media?parent=2706"}],"wp:term":[{"taxonomy":"category","embeddable":true,"href":"https:\/\/www.lollishome.de\/blog\/wp-json\/wp\/v2\/categories?post=2706"},{"taxonomy":"post_tag","embeddable":true,"href":"https:\/\/www.lollishome.de\/blog\/wp-json\/wp\/v2\/tags?post=2706"}],"curies":[{"name":"wp","href":"https:\/\/api.w.org\/{rel}","templated":true}]}}